{"id":10494,"date":"2021-11-23T11:22:53","date_gmt":"2021-11-23T11:22:53","guid":{"rendered":"https:\/\/imesapi.es\/?p=10494"},"modified":"2021-11-23T11:22:53","modified_gmt":"2021-11-23T11:22:53","slug":"conservacion-y-explotacion-de-la-autopista-ap-7-tramo-la-jonquera-vidreres-para-la-direccion-general-de-carreteras","status":"publish","type":"post","link":"https:\/\/www.imesapi.es\/en\/conservacion-y-explotacion-de-la-autopista-ap-7-tramo-la-jonquera-vidreres-para-la-direccion-general-de-carreteras\/","title":{"rendered":"Conservaci\u00f3n y explotaci\u00f3n de la autopista AP-7 tramo La Jonquera-Vidreres para la Direcci\u00f3n General de Carreteras"},"content":{"rendered":"<strong>CLIENTE: MINISTERIO DE TRANSPORTES, MOVILIDAD Y AGENDA URBANA &#8211; DIRECCI\u00d3N GENERAL DE CARRETERAS<\/strong>\r\n\r\n<strong>LOCALIZACI\u00d3N: GERONA<\/strong>\r\n\r\n<span style=\"color: #0000ff\"><em><strong>API MOVILIDAD, Divisi\u00f3n de Conservaci\u00f3n y Medio Ambiente,\u00a0<\/strong><\/em><\/span> ha sido adjudicatario del contrato CONSERVACI\u00d3N Y EXPLOTACI\u00d3N DE LAS CARRETERAS, SUS ELEMENTOS FUNCIONALES Y OTROS SERVICIOS P\u00daBLICOS Y DE OBRAS MENORES RELACIONADAS CON ESTOS SERVICIOS, en la\u00a0 Autopista AP-7, tramo La Jonquera (antigua frontera con Francia) &#8211; Vidreres. Provincia de Girona. Del p.k. 0,000 al p.k. 85,000.\r\n\r\n<!-- \/wp:post-content --><!-- wp:paragraph \/--><!-- wp:paragraph -->\r\n\r\nEl alcance del contrato incluye:\r\n\r\n<!-- \/wp:paragraph --><!-- wp:list -->\r\n<ul>\r\n \t<li><strong><span style=\"color: #000000\">La prestaci\u00f3n de los servicios de conservaci\u00f3n y explotaci\u00f3n en las siguientes carreteras,<\/span><\/strong><\/li>\r\n<\/ul>\r\n<img loading=\"lazy\" decoding=\"async\" class=\"alignnone size-full wp-image-10495 aligncenter\" src=\"https:\/\/imesapi.es\/wp-content\/uploads\/2021\/11\/597.png\" alt=\"\" width=\"567\" height=\"438\" \/>\r\n\r\n&nbsp;\r\n<ul>\r\n \t<li style=\"list-style-type: none\">\r\n<ul>\r\n \t<li>Operaciones y actividades de vialidad. Consisten en la realizaci\u00f3n de todas las actividades y operaciones de ayuda a la vialidad, de reparaci\u00f3n de elementos da\u00f1ados y de ayuda a la explotaci\u00f3n, que tienen por objeto facilitar la circulaci\u00f3n de los veh\u00edculos por las carreteras incluidas en el contrato en condiciones adecuadas de seguridad y fluidez.<\/li>\r\n \t<li>Operaciones de conservaci\u00f3n ordinaria. Son aquellas que es necesario llevar a cabo para mantener en condiciones de funcionalidad adecuadas cada uno de los elementos de la carretera en funci\u00f3n de la evoluci\u00f3n de su estado, de las prioridades y de los recursos disponibles.<\/li>\r\n \t<li>Otras operaciones. Las que no est\u00e1n incluidas en las operaciones y actividades de vialidad ni en las operaciones de conservaci\u00f3n ordinaria, y que el Director del contrato determine que es necesario llevar a cabo durante el desarrollo del mismo.<\/li>\r\n \t<li>Instalaciones. Consiste en la construcci\u00f3n y mantenimiento de las instalaciones generales necesarias para poder llevar a cabo los servicios de conservaci\u00f3n y explotaci\u00f3n de las carreteras y sus elementos.<\/li>\r\n<\/ul>\r\n<\/li>\r\n \t<li><strong>La explotaci\u00f3n de las \u00e1reas de servicio y otros elementos funcionales y servicios p\u00fablicos.<\/strong><\/li>\r\n<\/ul>\r\n<!-- \/wp:list --><!-- wp:paragraph -->\r\n\r\nEl Contrato incluye las \u00e1reas de servicio de La Jonquera, L\u2019Empord\u00e0 y Giron\u00e8s, ubicadas en ambos m\u00e1rgenes de dichas autopistas, situadas respectivamente en los t\u00e9rminos municipales de La Jonquera, Garrig\u00e0s y Fornells de las Selva\/Riudellots de la Selva, consistentes en: todos los edificios dedicados a la restauraci\u00f3n, estaciones de servicio, con sus correspondientes aparcamientos y viales interiores, los carriles de aceleraci\u00f3n y deceleraci\u00f3n de conexi\u00f3n con las autopistas, el alumbrado de todos estos carriles de cambio de velocidad, viales interiores y zonas de aparcamiento, adem\u00e1s de zonas de descanso, zonas ajardinadas, aseos p\u00fablicos, pasarelas peatonales sobre la autopista, la se\u00f1alizaci\u00f3n vertical, incluida carteler\u00eda, que indica en las autopistas la salida hacia estas \u00e1reas de servicio, as\u00ed como el resto de instalaciones (suministro el\u00e9ctrico, telecomunicaciones, telefon\u00eda, videovigilancia con c\u00e1maras de seguridad, gas, abastecimiento, saneamiento, aguas residuales, incluida la depuraci\u00f3n de las mismas, recogida de residuos s\u00f3lidos urbanos, recogida de aguas pluviales, instalaciones para la separaci\u00f3n de hidrocarburos y grasas de las aguas pluviales&#8230;) de las propias \u00e1reas de servicio.\r\n\r\n<!-- \/wp:paragraph --><!-- wp:list -->\r\n<ul>\r\n \t<li>Estructuras singulares:<\/li>\r\n<\/ul>\r\n<!-- \/wp:list --><!-- wp:paragraph -->\r\n\r\nEste contrato comprende el mantenimiento y explotaci\u00f3n de las siguientes estructuras singulares:\r\n\r\n<!-- \/wp:paragraph --><!-- wp:list -->\r\n<ul>\r\n \t<li><strong>\u00c1reas de descanso:<\/strong><\/li>\r\n<\/ul>\r\n<!-- \/wp:list --><!-- wp:paragraph -->\r\n\r\nEste contrato comprende el mantenimiento y explotaci\u00f3n de las siguientes \u00e1reas de descanso:\r\n\r\n<!-- \/wp:paragraph --><!-- wp:table -->\r\n<figure class=\"wp-block-table\">\r\n<table>\r\n<tbody>\r\n<tr>\r\n<td><strong>Ubicaci\u00f3n del \u00e1rea de descanso (p.k.)<\/strong><\/td>\r\n<td><strong>Calzada<\/strong><\/td>\r\n<\/tr>\r\n<tr>\r\n<td>11,630<\/td>\r\n<td>ambas<\/td>\r\n<\/tr>\r\n<tr>\r\n<td>23,790<\/td>\r\n<td>ambas<\/td>\r\n<\/tr>\r\n<tr>\r\n<td>46,390<\/td>\r\n<td>izquierda<\/td>\r\n<\/tr>\r\n<tr>\r\n<td>67,690<\/td>\r\n<td>izquierda<\/td>\r\n<\/tr>\r\n<tr>\r\n<td>76,000<\/td>\r\n<td>ambas<\/td>\r\n<\/tr>\r\n<\/tbody>\r\n<\/table>\r\n<\/figure>\r\n<!-- \/wp:table --><!-- wp:list -->\r\n<ul>\r\n \t<li><strong>Otros: (pasarelas, ramales importantes, etc.)<\/strong><\/li>\r\n<\/ul>\r\n<!-- \/wp:list --><!-- wp:paragraph -->\r\n\r\nEste contrato comprende el mantenimiento y explotaci\u00f3n de las siguientes estructuras:\r\n\r\n<!-- \/wp:paragraph --><!-- wp:table -->\r\n<figure class=\"wp-block-table\">\r\n<table>\r\n<tbody>\r\n<tr>\r\n<td><strong>Carretera \/ Enlace<\/strong><\/td>\r\n<td><strong>PK<\/strong><\/td>\r\n<td><strong>DENOMINACI\u00d6N<\/strong><\/td>\r\n<\/tr>\r\n<tr>\r\n<td>AP-7<\/td>\r\n<td>Diferentes tramos<\/td>\r\n<td>Pantallas fonoabsorbentes de hormig\u00f3n poroso<\/td>\r\n<\/tr>\r\n<tr>\r\n<td>AP-7<\/td>\r\n<td>85+975<\/td>\r\n<td>\u00c1rea de Servicio de La Selva \/ vuelo sobre tronco de autopista<\/td>\r\n<\/tr>\r\n<tr>\r\n<td>AP-7<\/td>\r\n<td>55+090<\/td>\r\n<td>Falso t\u00fanel de Sarri\u00e0 de Ter<\/td>\r\n<\/tr>\r\n<tr>\r\n<td>AP-7<\/td>\r\n<td>4+375<\/td>\r\n<td>\u00c1rea de Servicio de La Jonquera \/ vuelo sobre tronco de autopista<\/td>\r\n<\/tr>\r\n<\/tbody>\r\n<\/table>\r\n<\/figure>\r\n<!-- \/wp:table --><!-- wp:paragraph -->\r\n\r\nAdem\u00e1s de los tramos anteriores, denominados tramos principales, se incluye a los solos efectos del uso del servicio de comunicaciones y, en su caso, de servicios de vigilancia espec\u00edfica y de atenci\u00f3n de emergencias, urgencias y actuaciones excepcionales, el resto de la red dependiente de la Demarcaci\u00f3n de Carreteras del Estado en Catalu\u00f1a, as\u00ed como los tramos colindantes con otras Demarcaciones o los tramos que, de forma excepcional, autorice la Subdirecci\u00f3n General de Conservaci\u00f3n, y que se denominan tramos no principales.\r\n\r\n<img loading=\"lazy\" decoding=\"async\" class=\"wp-image-10496 alignleft\" src=\"https:\/\/imesapi.es\/wp-content\/uploads\/2021\/11\/599.jpg\" alt=\"\" width=\"321\" height=\"241\" \/><img loading=\"lazy\" decoding=\"async\" class=\" wp-image-10497 alignleft\" src=\"https:\/\/imesapi.es\/wp-content\/uploads\/2021\/11\/600.jpg\" alt=\"\" width=\"321\" height=\"241\" \/><img loading=\"lazy\" decoding=\"async\" class=\"wp-image-10498 alignleft\" src=\"https:\/\/imesapi.es\/wp-content\/uploads\/2021\/11\/601.jpg\" alt=\"\" width=\"520\" height=\"238\" \/>","protected":false},"excerpt":{"rendered":"<p>CLIENTE: MINISTERIO DE TRANSPORTES, MOVILIDAD Y AGENDA URBANA &#8211; DIRECCI\u00d3N GENERAL DE CARRETERAS LOCALIZACI\u00d3N: GERONA API MOVILIDAD, Divisi\u00f3n de Conservaci\u00f3n y Medio Ambiente,\u00a0 ha sido adjudicatario del contrato CONSERVACI\u00d3N Y EXPLOTACI\u00d3N DE LAS CARRETERAS, SUS ELEMENTOS FUNCIONALES Y OTROS SERVICIOS P\u00daBLICOS Y DE OBRAS MENORES RELACIONADAS CON ESTOS SERVICIOS, en la\u00a0 Autopista AP-7, tramo La&hellip;<\/p>\n","protected":false},"author":3,"featured_media":10499,"comment_status":"closed","ping_status":"closed","sticky":false,"template":"","format":"standard","meta":{"_acf_changed":false},"categories":[34],"tags":[],"class_list":["post-10494","post","type-post","status-publish","format-standard","has-post-thumbnail","hentry","category-noticias","description-off"],"acf":[],"_links":{"self":[{"href":"https:\/\/www.imesapi.es\/en\/wp-json\/wp\/v2\/posts\/10494","targetHints":{"allow":["GET"]}}],"collection":[{"href":"https:\/\/www.imesapi.es\/en\/wp-json\/wp\/v2\/posts"}],"about":[{"href":"https:\/\/www.imesapi.es\/en\/wp-json\/wp\/v2\/types\/post"}],"author":[{"embeddable":true,"href":"https:\/\/www.imesapi.es\/en\/wp-json\/wp\/v2\/users\/3"}],"replies":[{"embeddable":true,"href":"https:\/\/www.imesapi.es\/en\/wp-json\/wp\/v2\/comments?post=10494"}],"version-history":[{"count":1,"href":"https:\/\/www.imesapi.es\/en\/wp-json\/wp\/v2\/posts\/10494\/revisions"}],"predecessor-version":[{"id":10500,"href":"https:\/\/www.imesapi.es\/en\/wp-json\/wp\/v2\/posts\/10494\/revisions\/10500"}],"wp:featuredmedia":[{"embeddable":true,"href":"https:\/\/www.imesapi.es\/en\/wp-json\/wp\/v2\/media\/10499"}],"wp:attachment":[{"href":"https:\/\/www.imesapi.es\/en\/wp-json\/wp\/v2\/media?parent=10494"}],"wp:term":[{"taxonomy":"category","embeddable":true,"href":"https:\/\/www.imesapi.es\/en\/wp-json\/wp\/v2\/categories?post=10494"},{"taxonomy":"post_tag","embeddable":true,"href":"https:\/\/www.imesapi.es\/en\/wp-json\/wp\/v2\/tags?post=10494"}],"curies":[{"name":"wp","href":"https:\/\/api.w.org\/{rel}","templated":true}]}}