{"id":10881,"date":"2022-02-24T10:40:44","date_gmt":"2022-02-24T10:40:44","guid":{"rendered":"https:\/\/imesapi.es\/?p=10881"},"modified":"2022-02-24T10:40:46","modified_gmt":"2022-02-24T10:40:46","slug":"mejora-de-la-senalizacion-vertical-en-los-espacios-portuarios-de-portos-de-galicia","status":"publish","type":"post","link":"https:\/\/www.imesapi.es\/en\/mejora-de-la-senalizacion-vertical-en-los-espacios-portuarios-de-portos-de-galicia\/","title":{"rendered":"Mejora de la se\u00f1alizaci\u00f3n vertical en los espacios portuarios de Portos de Galicia"},"content":{"rendered":"<p><strong>CLIENTE: PORTOS DE GALICIA \u2013 XUNTA DE GALICIA<\/strong><\/p>\n<p><!-- \/wp:post-content --><!-- wp:paragraph --><\/p>\n<p><strong>LOCALIZACI\u00d3N: GALICIA<\/strong><\/p>\n<p><!-- \/wp:paragraph --><!-- wp:paragraph --><\/p>\n<p><span style=\"color: #0000ff\"><em><strong>HIEZ, Divisi\u00f3n de Movilidad y Rehabilitaci\u00f3n<\/strong><\/em><\/span>, ha sido adjudicatario del contrato \u201cMEJORA DE LA SE\u00d1ALIZACI\u00d3N VERTICAL EN LOS ESPACIOS PORTUARIOS\u201d<\/p>\n<p><!-- \/wp:paragraph --><!-- wp:paragraph --><\/p>\n<p>El organismo Portos de Galicia, en l\u00ednea con sus funciones y \u00e1mbito de actuaci\u00f3n, quiere acometer una actuaci\u00f3n de renovaci\u00f3n y mejora del sistema de se\u00f1alizaci\u00f3n vertical en los puertos que gestiona directamente a lo largo de la costa de la Comunidad Aut\u00f3noma de Galicia.<\/p>\n<p><!-- \/wp:paragraph --><!-- wp:paragraph --><\/p>\n<p>Funcionalmente, el Ente distribuye los puertos bajo su gesti\u00f3n en tres zonas: la Zona Norte, con 17 puertos, que se emplazan en la costa de la provincia de Lugo y en la costa Cant\u00e1brica de la provincia de A Coru\u00f1a; la Zona Centro, con 62 puertos, que incluye los restantes puertos situados en la costa de la provincia de A Coru\u00f1a; y la Zona Sur, con 43 puertos, que comprende a todos los puertos situados en la costa de la provincia de Pontevedra.<\/p>\n<p><!-- \/wp:paragraph --><!-- wp:paragraph --><\/p>\n<p>En la actualidad en estos puertos se identifican algunas deficiencias en cuanto a la ausencia de algunos elementos de se\u00f1alizaci\u00f3n vertical, o al estado de conservaci\u00f3n de los mismos.<\/p>\n\n<!-- wp:gallery {\"linkTo\":\"none\"} -->\n<figure class=\"wp-block-gallery has-nested-images columns-default is-cropped\"><!-- wp:image {\"id\":10883,\"sizeSlug\":\"large\",\"linkDestination\":\"none\"} -->\n<figure class=\"wp-block-image size-large\"><img loading=\"lazy\" decoding=\"async\" width=\"561\" height=\"806\" src=\"https:\/\/imesapi.es\/wp-content\/uploads\/2022\/02\/748.png\" alt=\"\" class=\"wp-image-10883\" \/><\/figure>\n<!-- \/wp:image --><\/figure>\n<!-- \/wp:gallery -->\n\n<p>La problem\u00e1tica existente reside en mantener en buen estado y actualizada este tipo de se\u00f1alizaci\u00f3n para garantizar la seguridad en estas infraestructuras. Destacando, que la ausencia o deterioro se debe en gran parte a la exposici\u00f3n de estos elementos a las inclemencias meteorol\u00f3gicas, y a un ambiente agresivo como es el marino.<\/p>\n<p><!-- \/wp:paragraph --><!-- wp:paragraph --><\/p>\n<p>En definitiva, los trabajos a acometer consistir\u00e1n en:<\/p>\n<p><!-- \/wp:paragraph --><!-- wp:list --><\/p>\n<ul>\n<li>Demolici\u00f3n o desmontaje de los elementos en mal estado, o con deterioro que dificulta que la se\u00f1al cumpla su funci\u00f3n claramente. Incluso su carga, transporte y dep\u00f3sito en vertedero autorizado.<\/li>\n<li>Instalaci\u00f3n de nueva se\u00f1alizaci\u00f3n: hincado y cimentaci\u00f3n de postes, anclajes para fijar carteler\u00eda a postes y\/o fachadas, colocaci\u00f3n de placas o paneles.<\/li>\n<\/ul>\n<p>\u00a0<\/p>\n\n<!-- wp:gallery {\"linkTo\":\"none\"} -->\n<figure class=\"wp-block-gallery has-nested-images columns-default is-cropped\"><!-- wp:image {\"id\":10884,\"sizeSlug\":\"large\",\"linkDestination\":\"none\"} -->\n<figure class=\"wp-block-image size-large\"><img loading=\"lazy\" decoding=\"async\" width=\"679\" height=\"670\" src=\"https:\/\/imesapi.es\/wp-content\/uploads\/2022\/02\/747.png\" alt=\"\" class=\"wp-image-10884\" \/><\/figure>\n<!-- \/wp:image --><\/figure>\n<!-- \/wp:gallery -->","protected":false},"excerpt":{"rendered":"<p>CLIENTE: PORTOS DE GALICIA \u2013 XUNTA DE GALICIA LOCALIZACI\u00d3N: GALICIA HIEZ, Divisi\u00f3n de Movilidad y Rehabilitaci\u00f3n, ha sido adjudicatario del contrato \u201cMEJORA DE LA SE\u00d1ALIZACI\u00d3N VERTICAL EN LOS ESPACIOS PORTUARIOS\u201d El organismo Portos de Galicia, en l\u00ednea con sus funciones y \u00e1mbito de actuaci\u00f3n, quiere acometer una actuaci\u00f3n de renovaci\u00f3n y mejora del sistema de&hellip;<\/p>\n","protected":false},"author":3,"featured_media":10885,"comment_status":"closed","ping_status":"closed","sticky":false,"template":"","format":"standard","meta":{"_acf_changed":false},"categories":[34],"tags":[],"class_list":["post-10881","post","type-post","status-publish","format-standard","has-post-thumbnail","hentry","category-noticias","description-off"],"acf":[],"_links":{"self":[{"href":"https:\/\/www.imesapi.es\/en\/wp-json\/wp\/v2\/posts\/10881","targetHints":{"allow":["GET"]}}],"collection":[{"href":"https:\/\/www.imesapi.es\/en\/wp-json\/wp\/v2\/posts"}],"about":[{"href":"https:\/\/www.imesapi.es\/en\/wp-json\/wp\/v2\/types\/post"}],"author":[{"embeddable":true,"href":"https:\/\/www.imesapi.es\/en\/wp-json\/wp\/v2\/users\/3"}],"replies":[{"embeddable":true,"href":"https:\/\/www.imesapi.es\/en\/wp-json\/wp\/v2\/comments?post=10881"}],"version-history":[{"count":1,"href":"https:\/\/www.imesapi.es\/en\/wp-json\/wp\/v2\/posts\/10881\/revisions"}],"predecessor-version":[{"id":10886,"href":"https:\/\/www.imesapi.es\/en\/wp-json\/wp\/v2\/posts\/10881\/revisions\/10886"}],"wp:featuredmedia":[{"embeddable":true,"href":"https:\/\/www.imesapi.es\/en\/wp-json\/wp\/v2\/media\/10885"}],"wp:attachment":[{"href":"https:\/\/www.imesapi.es\/en\/wp-json\/wp\/v2\/media?parent=10881"}],"wp:term":[{"taxonomy":"category","embeddable":true,"href":"https:\/\/www.imesapi.es\/en\/wp-json\/wp\/v2\/categories?post=10881"},{"taxonomy":"post_tag","embeddable":true,"href":"https:\/\/www.imesapi.es\/en\/wp-json\/wp\/v2\/tags?post=10881"}],"curies":[{"name":"wp","href":"https:\/\/api.w.org\/{rel}","templated":true}]}}