{"id":11778,"date":"2022-12-15T10:33:13","date_gmt":"2022-12-15T10:33:13","guid":{"rendered":"https:\/\/www.imesapi.es\/?p=11778"},"modified":"2022-12-15T10:38:03","modified_gmt":"2022-12-15T10:38:03","slug":"obras-de-ejecucion-de-vias-ciclistas-para-el-ayuntamiento-de-alcorcon-madrid","status":"publish","type":"post","link":"https:\/\/www.imesapi.es\/en\/obras-de-ejecucion-de-vias-ciclistas-para-el-ayuntamiento-de-alcorcon-madrid\/","title":{"rendered":"Obras de ejecuci\u00f3n de v\u00edas ciclistas para el Ayuntamiento de Alcorc\u00f3n (Madrid)"},"content":{"rendered":"<p><strong>CLIENTE: AYUNTAMIENTO DE ALCORC\u00d3N<\/strong><\/p>\n<p><strong>LOCALIZACI\u00d3N: ALCORC\u00d3N (MADRID)<\/strong><\/p>\n<p><span style=\"color: #0000ff\"><em><strong>API Movilidad, Divisi\u00f3n de Movilidad y Rehabilitaci\u00f3n,<\/strong><\/em><\/span> ha sido adjudicatario del contrato<strong> Obras de Ejecuci\u00f3n De V\u00edas Ciclistas (Calles Berl\u00edn Y Viena), Financiado por la Uni\u00f3n Europea, Fondos Nextgeneration, a trav\u00e9s del mecanismo de recuperaci\u00f3n y resiliencia. \u00a0<\/strong><\/p>\n<p>La Concejal\u00eda de Sostenibilidad, Movilidad y Renovables del Ayuntamiento de Alcorc\u00f3n ha planificado diferentes actuaciones dentro del \u201cPlan de Recuperaci\u00f3n, Transformaci\u00f3n y Resiliencia de la Econom\u00eda\u201d (fondos Next Generation) y cuyos objetivos generales son los de impulsar la descarbonizaci\u00f3n de la movilidad urbana, la mejora de la calidad del aire y de la calidad de vida en el municipio.<\/p>\n<p>El objeto del proyecto consiste en la creaci\u00f3n de una serie de itinerarios ciclistas definidos dentro del \u201c<em>Grupo B.- Parque Oeste y conexi\u00f3n con M\u00f3stoles\u201d<\/em>. Cuyas actuaciones consiste en impulsar el uso de la bicicleta en los desplazamientos cotidianos, captando usuarios de otros modos de transporte menos sostenible, y ofreciendo condiciones para que \u00e9sta sea una alternativa real de movilidad como medio de transporte urbano.<\/p>\n<p>Este proyecto se apoya en una nueva estrategia sobre movilidad que establece la siguiente jerarqu\u00eda entre los diferentes modos de transporte:<\/p>\n<ol>\n<li>Protagonismo del peat\u00f3n.<\/li>\n<li>Emergencia de la bicicleta.<\/li>\n<li>Apoyo al transporte colectivo y mejora de su eficacia.<\/li>\n<li>Racionalizaci\u00f3n del uso del autom\u00f3vil.<\/li>\n<\/ol>\n<p>En esta estrategia cobra importancia la bicicleta como parte importante en la transformaci\u00f3n de la movilidad en la ciudad.<\/p>\n<p>&nbsp;<\/p>\n<p><img loading=\"lazy\" decoding=\"async\" class=\"size-medium wp-image-11779 alignleft\" src=\"https:\/\/www.imesapi.es\/wp-content\/uploads\/2022\/12\/1068-300x172.png\" alt=\"\" width=\"300\" height=\"172\" srcset=\"https:\/\/www.imesapi.es\/wp-content\/uploads\/2022\/12\/1068-300x172.png 300w, https:\/\/www.imesapi.es\/wp-content\/uploads\/2022\/12\/1068.png 808w\" sizes=\"auto, (max-width: 300px) 100vw, 300px\" \/><img loading=\"lazy\" decoding=\"async\" class=\"size-medium wp-image-11780 alignleft\" src=\"https:\/\/www.imesapi.es\/wp-content\/uploads\/2022\/12\/1069-246x300.png\" alt=\"\" width=\"246\" height=\"300\" srcset=\"https:\/\/www.imesapi.es\/wp-content\/uploads\/2022\/12\/1069-246x300.png 246w, https:\/\/www.imesapi.es\/wp-content\/uploads\/2022\/12\/1069.png 476w\" sizes=\"auto, (max-width: 246px) 100vw, 246px\" \/><img loading=\"lazy\" decoding=\"async\" class=\"size-medium wp-image-11781 alignleft\" src=\"https:\/\/www.imesapi.es\/wp-content\/uploads\/2022\/12\/1070-300x190.png\" alt=\"\" width=\"300\" height=\"190\" srcset=\"https:\/\/www.imesapi.es\/wp-content\/uploads\/2022\/12\/1070-300x190.png 300w, https:\/\/www.imesapi.es\/wp-content\/uploads\/2022\/12\/1070.png 544w\" sizes=\"auto, (max-width: 300px) 100vw, 300px\" \/><\/p>","protected":false},"excerpt":{"rendered":"<p>CLIENTE: AYUNTAMIENTO DE ALCORC\u00d3N LOCALIZACI\u00d3N: ALCORC\u00d3N (MADRID) API Movilidad, Divisi\u00f3n de Movilidad y Rehabilitaci\u00f3n, ha sido adjudicatario del contrato Obras de Ejecuci\u00f3n De V\u00edas Ciclistas (Calles Berl\u00edn Y Viena), Financiado por la Uni\u00f3n Europea, Fondos Nextgeneration, a trav\u00e9s del mecanismo de recuperaci\u00f3n y resiliencia. \u00a0 La Concejal\u00eda de Sostenibilidad, Movilidad y Renovables del Ayuntamiento de&hellip;<\/p>\n","protected":false},"author":3,"featured_media":11782,"comment_status":"closed","ping_status":"closed","sticky":false,"template":"","format":"standard","meta":{"_acf_changed":false},"categories":[34],"tags":[],"class_list":["post-11778","post","type-post","status-publish","format-standard","has-post-thumbnail","hentry","category-noticias","description-off"],"acf":[],"_links":{"self":[{"href":"https:\/\/www.imesapi.es\/en\/wp-json\/wp\/v2\/posts\/11778","targetHints":{"allow":["GET"]}}],"collection":[{"href":"https:\/\/www.imesapi.es\/en\/wp-json\/wp\/v2\/posts"}],"about":[{"href":"https:\/\/www.imesapi.es\/en\/wp-json\/wp\/v2\/types\/post"}],"author":[{"embeddable":true,"href":"https:\/\/www.imesapi.es\/en\/wp-json\/wp\/v2\/users\/3"}],"replies":[{"embeddable":true,"href":"https:\/\/www.imesapi.es\/en\/wp-json\/wp\/v2\/comments?post=11778"}],"version-history":[{"count":2,"href":"https:\/\/www.imesapi.es\/en\/wp-json\/wp\/v2\/posts\/11778\/revisions"}],"predecessor-version":[{"id":11784,"href":"https:\/\/www.imesapi.es\/en\/wp-json\/wp\/v2\/posts\/11778\/revisions\/11784"}],"wp:featuredmedia":[{"embeddable":true,"href":"https:\/\/www.imesapi.es\/en\/wp-json\/wp\/v2\/media\/11782"}],"wp:attachment":[{"href":"https:\/\/www.imesapi.es\/en\/wp-json\/wp\/v2\/media?parent=11778"}],"wp:term":[{"taxonomy":"category","embeddable":true,"href":"https:\/\/www.imesapi.es\/en\/wp-json\/wp\/v2\/categories?post=11778"},{"taxonomy":"post_tag","embeddable":true,"href":"https:\/\/www.imesapi.es\/en\/wp-json\/wp\/v2\/tags?post=11778"}],"curies":[{"name":"wp","href":"https:\/\/api.w.org\/{rel}","templated":true}]}}