{"id":11905,"date":"2023-01-31T11:46:50","date_gmt":"2023-01-31T11:46:50","guid":{"rendered":"https:\/\/www.imesapi.es\/?p=11905"},"modified":"2023-01-31T11:46:50","modified_gmt":"2023-01-31T11:46:50","slug":"cambio-de-la-pasarela-en-la-m-607-para-acceder-al-hospital-ramon-y-cajal-en-madrid-para-calle-30","status":"publish","type":"post","link":"https:\/\/www.imesapi.es\/en\/cambio-de-la-pasarela-en-la-m-607-para-acceder-al-hospital-ramon-y-cajal-en-madrid-para-calle-30\/","title":{"rendered":"Cambio de la pasarela en la M-607 para acceder al Hospital Ram\u00f3n y Cajal en Madrid para Calle 30"},"content":{"rendered":"<p>El pasado fin de semana (21 a 22 de enero) se ha procedido a realizar los trabajos del cambio de la pasarela en la M-607 para Madrid Calle 30. Este contrato fu\u00e9 adjudicado al <span style=\"color: #0000ff\"><em><strong>\u00c1rea de Rehabilitaci\u00f3n (Divisi\u00f3n de Movilidad y Rehabilitaci\u00f3n).<\/strong><\/em><\/span><\/p>\n<p>Esta pasarela data del a\u00f1o 1982, la llamada pasarela del Mundial, que un\u00eda el Estadio Santiago Bernab\u00e9u con el Palacio de Congresos.<\/p>\n<p>Cuando termin\u00f3 el Mundial de f\u00fatbol, se reutiliz\u00f3 para el acceso que une el barrio de La Vaguada con el Hospital Ram\u00f3n y Cajal.<\/p>\n<p>Los trabajos realizados han sido:<\/p>\n<ul>\n<li>Sustituci\u00f3n del tablero existente del vano de mayor luz y colocaci\u00f3n del nuevo tablero, totalmente ejecutado en taller, de caracter\u00edsticas similares al existente, formado por dos celos\u00edas laterales tipo Warren arriostradas inferiormente mediante largueros y cruces de San Andr\u00e9s; superiormente mediante una celos\u00eda tipo Warren con montantes verticales.<\/li>\n<\/ul>\n<p>Para el izado del vano nuevo (110 tn), se han utilizado gr\u00faas de gran capacidad (750 tn), para de esta forma poder abrirla al p\u00fablico una vez colocada, reduciendo el periodo de corte en la pasarela a un fin de semana.<\/p>\n<p>&nbsp;<\/p>\n<div style=\"width: 848px;\" class=\"wp-video\"><video class=\"wp-video-shortcode\" id=\"video-11905-1\" width=\"848\" height=\"480\" preload=\"metadata\" controls=\"controls\"><source type=\"video\/mp4\" src=\"https:\/\/www.imesapi.es\/wp-content\/uploads\/2023\/01\/VID-20230123-WA0005.mp4?_=1\" \/><a href=\"https:\/\/www.imesapi.es\/wp-content\/uploads\/2023\/01\/VID-20230123-WA0005.mp4\">https:\/\/www.imesapi.es\/wp-content\/uploads\/2023\/01\/VID-20230123-WA0005.mp4<\/a><\/video><\/div>\n","protected":false},"excerpt":{"rendered":"<p>El pasado fin de semana (21 a 22 de enero) se ha procedido a realizar los trabajos del cambio de la pasarela en la M-607 para Madrid Calle 30. Este contrato fu\u00e9 adjudicado al \u00c1rea de Rehabilitaci\u00f3n (Divisi\u00f3n de Movilidad y Rehabilitaci\u00f3n). Esta pasarela data del a\u00f1o 1982, la llamada pasarela del Mundial, que un\u00eda&hellip;<\/p>\n","protected":false},"author":3,"featured_media":11907,"comment_status":"closed","ping_status":"closed","sticky":false,"template":"","format":"standard","meta":{"_acf_changed":false},"categories":[34],"tags":[],"class_list":["post-11905","post","type-post","status-publish","format-standard","has-post-thumbnail","hentry","category-noticias","description-off"],"acf":[],"_links":{"self":[{"href":"https:\/\/www.imesapi.es\/en\/wp-json\/wp\/v2\/posts\/11905","targetHints":{"allow":["GET"]}}],"collection":[{"href":"https:\/\/www.imesapi.es\/en\/wp-json\/wp\/v2\/posts"}],"about":[{"href":"https:\/\/www.imesapi.es\/en\/wp-json\/wp\/v2\/types\/post"}],"author":[{"embeddable":true,"href":"https:\/\/www.imesapi.es\/en\/wp-json\/wp\/v2\/users\/3"}],"replies":[{"embeddable":true,"href":"https:\/\/www.imesapi.es\/en\/wp-json\/wp\/v2\/comments?post=11905"}],"version-history":[{"count":1,"href":"https:\/\/www.imesapi.es\/en\/wp-json\/wp\/v2\/posts\/11905\/revisions"}],"predecessor-version":[{"id":11908,"href":"https:\/\/www.imesapi.es\/en\/wp-json\/wp\/v2\/posts\/11905\/revisions\/11908"}],"wp:featuredmedia":[{"embeddable":true,"href":"https:\/\/www.imesapi.es\/en\/wp-json\/wp\/v2\/media\/11907"}],"wp:attachment":[{"href":"https:\/\/www.imesapi.es\/en\/wp-json\/wp\/v2\/media?parent=11905"}],"wp:term":[{"taxonomy":"category","embeddable":true,"href":"https:\/\/www.imesapi.es\/en\/wp-json\/wp\/v2\/categories?post=11905"},{"taxonomy":"post_tag","embeddable":true,"href":"https:\/\/www.imesapi.es\/en\/wp-json\/wp\/v2\/tags?post=11905"}],"curies":[{"name":"wp","href":"https:\/\/api.w.org\/{rel}","templated":true}]}}