{"id":12183,"date":"2023-06-29T10:31:55","date_gmt":"2023-06-29T10:31:55","guid":{"rendered":"https:\/\/www.imesapi.es\/?p=12183"},"modified":"2023-06-29T10:31:55","modified_gmt":"2023-06-29T10:31:55","slug":"servicio-de-realizacion-de-los-trabajos-de-reforma-reparacion-y-mantenimiento-de-los-edificios-del-consorcio-de-la-zona-franca-de-vigo","status":"publish","type":"post","link":"https:\/\/www.imesapi.es\/en\/servicio-de-realizacion-de-los-trabajos-de-reforma-reparacion-y-mantenimiento-de-los-edificios-del-consorcio-de-la-zona-franca-de-vigo\/","title":{"rendered":"Servicio de realizaci\u00f3n de los trabajos de reforma, reparaci\u00f3n y mantenimiento de los edificios del Consorcio de la Zona Franca de Vigo"},"content":{"rendered":"<p><strong>CLIENTE: CONSORCIO DE LA ZONA FRANCA DE VIGO<\/strong><\/p>\n<p><strong>LOCALIZACI\u00d3N: VIGO<\/strong><\/p>\n<p><span style=\"color: #0000ff\"><strong><em>ImesAPI, Divisi\u00f3n de Instalaciones y Servicios<\/em>,<\/strong><\/span> ha sido adjudicataria del contrato cuyo objeto consiste en la <strong>realizaci\u00f3n de los trabajos de reforma, reparaci\u00f3n y mantenimiento preventivo, correctivo y t\u00e9cnico-legal de los edificios del Consorcio de la Zona Franca de Vigo en las \u00e1reas de Porri\u00f1o, Nigr\u00e1n y Baiona. Lote 2.<\/strong><\/p>\n<p>Los edificios e instalaciones situados dentro del \u00e1rea y que son objeto del contrato son los siguientes:<\/p>\n<ul>\n<li>PARQUE EMPRESARIAL A GRANXA, PORRI\u00d1O\n<ul>\n<li>Centro de Iniciativas Empresariales (CIE). Superficie aproximada 4.500 m<sup>2<\/sup>.<\/li>\n<li>Centro de Servicios. Superficie aproximada 3.000 m<sup>2<\/sup>.<\/li>\n<\/ul>\n<\/li>\n<li>PARQUE EMPRESARIAL PORTO DO MOLLE, NIGR\u00c1N\n<ul>\n<li>Naves Bioclim\u00e1ticas. Superficie aproximada 40.000 m<sup>2<\/sup>.<\/li>\n<li>Nuevas naves industriales y talleres. Superficie de 10.807 m<sup>2<\/sup>.<\/li>\n<li>Edificio Centro de Negocios. Superficie aproximada 12.300 m<sup>2<\/sup>.<\/li>\n<li>Edificio Tecnol\u00f3gico Aeroespacial. 6.400 m<sup>2<\/sup>.<\/li>\n<\/ul>\n<\/li>\n<li>CONCELLO DE BAIONA\n<ul>\n<li>Casa del Reloj. Superficie aproximada 300 m<sup>2<\/sup>.<\/li>\n<\/ul>\n<\/li>\n<\/ul>\n<p>Las operaciones a desarrollar consisten las<em><strong> tareas de mantenimiento y conservaci\u00f3n de los elementos que constituyen la infraestructura, envolvente y acabados, as\u00ed como carpinter\u00edas y fontaner\u00eda,<\/strong><\/em> es decir, todas las instalaciones y componentes de los edificios, con excepci\u00f3n de las instalaciones el\u00e9ctricas y de climatizaci\u00f3n, en las diversas \u00e1reas geogr\u00e1ficas ya indicadas.<\/p>\n<p>En concreto las tareas se resumen en:<\/p>\n<p><u>MANTENIMIENTO PREVENTIVO<\/u><\/p>\n<p>Estos trabajos deber\u00e1n, como m\u00ednimo, cumplir con todas las revisiones indicadas en la normativa vigente, entre las cuales se incluyen la revisi\u00f3n de la legionela, el mantenimiento de las l\u00edneas de vida, las revisiones de los sistemas PCI o el mantenimiento de cubiertas y bajantes, entre otros.<\/p>\n<p><u>TEL\u00c9FONO URGENCIA 24 HORAS<\/u><\/p>\n<p>Servicio de atenci\u00f3n telef\u00f3nica las 24 horas del d\u00eda, 365 d\u00edas al a\u00f1o, que permita, en caso de urgencia, la presencia de un t\u00e9cnico en un plazo m\u00e1ximo de una hora.<\/p>\n<p><u>MANTENIMIENTO CORRECTIVO<\/u><\/p>\n<p>Se har\u00e1n de acuerdo a la base de datos elaborada por el Colegio Oficial de Aparejadores, Arquitectos T\u00e9cnicos e Ingenieros de Edificaci\u00f3n de Guadalajara.<\/p>\n<p><u>MANTENIMIENTO T\u00c9CNICO-LEGAL<\/u><\/p>\n<p>Se realizar\u00e1n todas aquellas revisiones reglamentarias que la normativa de aplicaci\u00f3n determine, tanto la normativa que est\u00e9 en vigor en la fecha de formalizaci\u00f3n del contrato, como aquella que pudiera aprobarse durante toda su vigencia.<\/p>\n<p><img loading=\"lazy\" decoding=\"async\" class=\"alignnone size-medium wp-image-12184 aligncenter\" src=\"https:\/\/www.imesapi.es\/wp-content\/uploads\/2023\/06\/1336-300x187.jpg\" alt=\"\" width=\"300\" height=\"187\" srcset=\"https:\/\/www.imesapi.es\/wp-content\/uploads\/2023\/06\/1336-300x187.jpg 300w, https:\/\/www.imesapi.es\/wp-content\/uploads\/2023\/06\/1336.jpg 800w\" sizes=\"auto, (max-width: 300px) 100vw, 300px\" \/><\/p>\n","protected":false},"excerpt":{"rendered":"<p>CLIENTE: CONSORCIO DE LA ZONA FRANCA DE VIGO LOCALIZACI\u00d3N: VIGO ImesAPI, Divisi\u00f3n de Instalaciones y Servicios, ha sido adjudicataria del contrato cuyo objeto consiste en la realizaci\u00f3n de los trabajos de reforma, reparaci\u00f3n y mantenimiento preventivo, correctivo y t\u00e9cnico-legal de los edificios del Consorcio de la Zona Franca de Vigo en las \u00e1reas de Porri\u00f1o,&hellip;<\/p>\n","protected":false},"author":3,"featured_media":12180,"comment_status":"closed","ping_status":"closed","sticky":false,"template":"","format":"standard","meta":{"_acf_changed":false},"categories":[34],"tags":[],"class_list":["post-12183","post","type-post","status-publish","format-standard","has-post-thumbnail","hentry","category-noticias","description-off"],"acf":[],"_links":{"self":[{"href":"https:\/\/www.imesapi.es\/en\/wp-json\/wp\/v2\/posts\/12183","targetHints":{"allow":["GET"]}}],"collection":[{"href":"https:\/\/www.imesapi.es\/en\/wp-json\/wp\/v2\/posts"}],"about":[{"href":"https:\/\/www.imesapi.es\/en\/wp-json\/wp\/v2\/types\/post"}],"author":[{"embeddable":true,"href":"https:\/\/www.imesapi.es\/en\/wp-json\/wp\/v2\/users\/3"}],"replies":[{"embeddable":true,"href":"https:\/\/www.imesapi.es\/en\/wp-json\/wp\/v2\/comments?post=12183"}],"version-history":[{"count":1,"href":"https:\/\/www.imesapi.es\/en\/wp-json\/wp\/v2\/posts\/12183\/revisions"}],"predecessor-version":[{"id":12185,"href":"https:\/\/www.imesapi.es\/en\/wp-json\/wp\/v2\/posts\/12183\/revisions\/12185"}],"wp:featuredmedia":[{"embeddable":true,"href":"https:\/\/www.imesapi.es\/en\/wp-json\/wp\/v2\/media\/12180"}],"wp:attachment":[{"href":"https:\/\/www.imesapi.es\/en\/wp-json\/wp\/v2\/media?parent=12183"}],"wp:term":[{"taxonomy":"category","embeddable":true,"href":"https:\/\/www.imesapi.es\/en\/wp-json\/wp\/v2\/categories?post=12183"},{"taxonomy":"post_tag","embeddable":true,"href":"https:\/\/www.imesapi.es\/en\/wp-json\/wp\/v2\/tags?post=12183"}],"curies":[{"name":"wp","href":"https:\/\/api.w.org\/{rel}","templated":true}]}}