{"id":3934,"date":"2017-11-27T10:23:21","date_gmt":"2017-11-27T10:23:21","guid":{"rendered":"http:\/\/localhost:8080\/imesapi\/?p=3934"},"modified":"2018-09-26T12:25:08","modified_gmt":"2018-09-26T12:25:08","slug":"obras-de-mejora-de-eficiencia-con-led-en-varios-puntos-del-municipio-de-teror","status":"publish","type":"post","link":"https:\/\/www.imesapi.es\/en\/obras-de-mejora-de-eficiencia-con-led-en-varios-puntos-del-municipio-de-teror\/","title":{"rendered":"Obras de mejora de eficiencia con led en varios puntos del municipio de Teror en Gran Canaria"},"content":{"rendered":"<p style=\"text-align: justify;\"><strong>CLIENTE: AYUNTAMIENTO DE TEROR<\/strong><\/p>\n<p style=\"text-align: justify;\"><strong>PA\u00cdS: ESPA\u00d1A. Las Palmas de Gran Canaria. T.M. TEROR<\/strong><\/p>\n<p style=\"text-align: justify;\">El Excmo. Ayuntamiento de TEROR con el fin de disminuir el coste energ\u00e9tico de los alumbrados p\u00fablicos ha decidido adaptar nuevas tecnolog\u00edas encaminadas a obtener un ahorro significativo y mejorar la eficiencia energ\u00e9tica de las instalaciones de alumbrado p\u00fablico del municipio. Como inicio de esta tendencia se pretende reformar el alumbrado p\u00fablico de la red denominada EL OJERO, EL CORREDOR, LA HOYA, LAS TOSCAS Y SAGRADO CORAZ\u00d3N, todos ellos pertenecientes a los lotes I y II.<\/p>\n<p style=\"text-align: justify;\">Con dicho fin se han redactados los mencionados proyectos englobados en la obra denominada \u201cOBRAS DE MEJORA DE EFICIENCIA CON LED EN VARIOS PUNTOS DEL MUNICIPIO EN 5 LOTES\u201d, al amparo de la ORDEN de 1 de marzo de 2016, por la que se aprueban las bases reguladoras que han de regir la concesi\u00f3n de subvenciones para la aplicaci\u00f3n de medidas de ahorro energ\u00e9tico,y la realizaci\u00f3n de auditor\u00edas energ\u00e9ticas en corporaciones locales y al EXTRACTO de la Orden de 23 de marzo de 2017, por la que se efect\u00faa convocatoria para el a\u00f1o 2017, para la concesi\u00f3n de subvenciones para aplicaci\u00f3n de medidas de ahorro energ\u00e9tico y realizaci\u00f3n de auditor\u00edas energ\u00e9ticas en corporaciones locales.<\/p>\n<p style=\"text-align: justify;\"><span style=\"color: #0000ff;\"><em><strong>La Delegaci\u00f3n de Las Palmas de la Divisi\u00f3n de Instalaciones y Servicios<\/strong><\/em><\/span>\u00a0ha sido la adjudicataria de estos lotes.<\/p>\n<p style=\"text-align: justify;\"><img loading=\"lazy\" decoding=\"async\" class=\"alignnone size-full wp-image-3935\" src=\"http:\/\/imesapi.es\/wp-content\/uploads\/2017\/11\/AP-EL-TEROR1.png\" alt=\"\" width=\"372\" height=\"173\" \/><img loading=\"lazy\" decoding=\"async\" class=\"alignnone size-medium wp-image-3936\" src=\"http:\/\/imesapi.es\/wp-content\/uploads\/2017\/11\/AP-EL-TEROR3.png.jpg\" alt=\"\" width=\"300\" height=\"225\" \/><img loading=\"lazy\" decoding=\"async\" class=\"alignnone size-medium wp-image-3937\" src=\"http:\/\/imesapi.es\/wp-content\/uploads\/2017\/11\/AP-EL-TEROR5.png.jpg\" alt=\"\" width=\"300\" height=\"300\" \/><img loading=\"lazy\" decoding=\"async\" class=\"alignnone size-medium wp-image-3938\" src=\"http:\/\/imesapi.es\/wp-content\/uploads\/2017\/11\/AP-EL-TEROR6.jpg\" alt=\"\" width=\"300\" height=\"193\" \/><\/p>\n","protected":false},"excerpt":{"rendered":"<p>CLIENTE: AYUNTAMIENTO DE TEROR PA\u00cdS: ESPA\u00d1A. Las Palmas de Gran Canaria. T.M. TEROR El Excmo. Ayuntamiento de TEROR con el fin de disminuir el coste energ\u00e9tico de los alumbrados p\u00fablicos ha decidido adaptar nuevas tecnolog\u00edas encaminadas a obtener un ahorro significativo y mejorar la eficiencia energ\u00e9tica de las instalaciones de alumbrado p\u00fablico del municipio. Como&hellip;<\/p>\n","protected":false},"author":3,"featured_media":7432,"comment_status":"open","ping_status":"closed","sticky":false,"template":"","format":"standard","meta":{"_acf_changed":false},"categories":[34],"tags":[],"class_list":["post-3934","post","type-post","status-publish","format-standard","has-post-thumbnail","hentry","category-noticias","description-off"],"acf":[],"_links":{"self":[{"href":"https:\/\/www.imesapi.es\/en\/wp-json\/wp\/v2\/posts\/3934","targetHints":{"allow":["GET"]}}],"collection":[{"href":"https:\/\/www.imesapi.es\/en\/wp-json\/wp\/v2\/posts"}],"about":[{"href":"https:\/\/www.imesapi.es\/en\/wp-json\/wp\/v2\/types\/post"}],"author":[{"embeddable":true,"href":"https:\/\/www.imesapi.es\/en\/wp-json\/wp\/v2\/users\/3"}],"replies":[{"embeddable":true,"href":"https:\/\/www.imesapi.es\/en\/wp-json\/wp\/v2\/comments?post=3934"}],"version-history":[{"count":0,"href":"https:\/\/www.imesapi.es\/en\/wp-json\/wp\/v2\/posts\/3934\/revisions"}],"wp:featuredmedia":[{"embeddable":true,"href":"https:\/\/www.imesapi.es\/en\/wp-json\/wp\/v2\/media\/7432"}],"wp:attachment":[{"href":"https:\/\/www.imesapi.es\/en\/wp-json\/wp\/v2\/media?parent=3934"}],"wp:term":[{"taxonomy":"category","embeddable":true,"href":"https:\/\/www.imesapi.es\/en\/wp-json\/wp\/v2\/categories?post=3934"},{"taxonomy":"post_tag","embeddable":true,"href":"https:\/\/www.imesapi.es\/en\/wp-json\/wp\/v2\/tags?post=3934"}],"curies":[{"name":"wp","href":"https:\/\/api.w.org\/{rel}","templated":true}]}}