{"id":5800,"date":"2017-05-03T10:34:15","date_gmt":"2017-05-03T10:34:15","guid":{"rendered":"http:\/\/localhost:8080\/imesapi\/?p=3612"},"modified":"2018-09-26T13:23:15","modified_gmt":"2018-09-26T13:23:15","slug":"x-jornadas-de-vialidad-invernal","status":"publish","type":"post","link":"https:\/\/www.imesapi.es\/en\/x-jornadas-de-vialidad-invernal\/","title":{"rendered":"X Jornadas de Vialidad Invernal"},"content":{"rendered":"<p style=\"text-align: justify;\">Recientemente ha tenido lugar en Santander (Espa\u00f1a), entre el 14 y 16 de marzo, las<span style=\"color: #0000ff;\"><em><strong> X JORNADAS DE VIALIDAD INVERNAL<\/strong><\/em><\/span>.<\/p>\n<p style=\"text-align: justify;\">En ellas se analiz\u00f3 c\u00f3mo abordan la Administraci\u00f3n Central, las Comunidades Aut\u00f3nomas y los Ayuntamientos el problema de la gesti\u00f3n de las carreteras en condiciones meteorol\u00f3gicas adversas; c\u00f3mo lo hacen otros pa\u00edses, y qu\u00e9 avances tecnol\u00f3gicos se est\u00e1n aplicando o desarrollando para mejorar.<\/p>\n<p style=\"text-align: justify;\">Tambi\u00e9n se examinaron los problemas detectados en el equipamiento de los t\u00faneles por el uso de fundentes en el mantenimiento de la vialidad invernal, en las proximidades de sus bocas.<\/p>\n<p style=\"text-align: justify;\">Estas Jornadas han sido organizadas por la Asociaci\u00f3n T\u00e9cnica de Carreteras y la Asociaci\u00f3n de Empresas de Conservaci\u00f3n y Explotaci\u00f3n de Infraestructuras (ACEX), al amparo del Ministerio de Fomento y contaron con la participaci\u00f3n de destacados expertos nacionales e internacionales y una asistencia en torno a unos 400 congresistas.<\/p>\n<p style=\"text-align: justify;\"><span style=\"color: #0000ff;\"><em><strong>Luis Ayres Janeiro, Director T\u00e9cnico de imesAPI<\/strong><\/em><\/span>, form\u00f3 parte del Comit\u00e9 T\u00e9cnico Organizador y tambi\u00e9n particip\u00f3 con la ponencia \u201cConsideraciones a tener en cuenta en el equipamiento de t\u00faneles en zonas de alta Vialidad Invernal. Experiencia en la A-67\u201d.<\/p>\n<p style=\"text-align: justify;\"><img loading=\"lazy\" decoding=\"async\" class=\"alignnone size-full wp-image-3613\" src=\"http:\/\/imesapi.es\/wp-content\/uploads\/2017\/05\/X-jornada-de-vialidad-invernal1.jpg\" alt=\"\" width=\"618\" height=\"479\" \/><\/p>\n","protected":false},"excerpt":{"rendered":"<p>Recientemente ha tenido lugar en Santander (Espa\u00f1a), entre el 14 y 16 de marzo, las X JORNADAS DE VIALIDAD INVERNAL. En ellas se analiz\u00f3 c\u00f3mo abordan la Administraci\u00f3n Central, las Comunidades Aut\u00f3nomas y los Ayuntamientos el problema de la gesti\u00f3n de las carreteras en condiciones meteorol\u00f3gicas adversas; c\u00f3mo lo hacen otros pa\u00edses, y qu\u00e9 avances&hellip;<\/p>\n","protected":false},"author":3,"featured_media":7474,"comment_status":"open","ping_status":"closed","sticky":false,"template":"","format":"standard","meta":{"_acf_changed":false},"categories":[34],"tags":[],"class_list":["post-5800","post","type-post","status-publish","format-standard","has-post-thumbnail","hentry","category-noticias","description-off"],"acf":[],"_links":{"self":[{"href":"https:\/\/www.imesapi.es\/en\/wp-json\/wp\/v2\/posts\/5800","targetHints":{"allow":["GET"]}}],"collection":[{"href":"https:\/\/www.imesapi.es\/en\/wp-json\/wp\/v2\/posts"}],"about":[{"href":"https:\/\/www.imesapi.es\/en\/wp-json\/wp\/v2\/types\/post"}],"author":[{"embeddable":true,"href":"https:\/\/www.imesapi.es\/en\/wp-json\/wp\/v2\/users\/3"}],"replies":[{"embeddable":true,"href":"https:\/\/www.imesapi.es\/en\/wp-json\/wp\/v2\/comments?post=5800"}],"version-history":[{"count":0,"href":"https:\/\/www.imesapi.es\/en\/wp-json\/wp\/v2\/posts\/5800\/revisions"}],"wp:featuredmedia":[{"embeddable":true,"href":"https:\/\/www.imesapi.es\/en\/wp-json\/wp\/v2\/media\/7474"}],"wp:attachment":[{"href":"https:\/\/www.imesapi.es\/en\/wp-json\/wp\/v2\/media?parent=5800"}],"wp:term":[{"taxonomy":"category","embeddable":true,"href":"https:\/\/www.imesapi.es\/en\/wp-json\/wp\/v2\/categories?post=5800"},{"taxonomy":"post_tag","embeddable":true,"href":"https:\/\/www.imesapi.es\/en\/wp-json\/wp\/v2\/tags?post=5800"}],"curies":[{"name":"wp","href":"https:\/\/api.w.org\/{rel}","templated":true}]}}