{"id":8100,"date":"2018-11-06T10:30:40","date_gmt":"2018-11-06T10:30:40","guid":{"rendered":"http:\/\/5.56.56.37\/imesapi\/?p=8100"},"modified":"2018-11-22T11:01:38","modified_gmt":"2018-11-22T11:01:38","slug":"las-carreteras-riojanas-estrenan-un-sistema-de-senalizacion-para-motoristas","status":"publish","type":"post","link":"https:\/\/www.imesapi.es\/en\/las-carreteras-riojanas-estrenan-un-sistema-de-senalizacion-para-motoristas\/","title":{"rendered":"Las carreteras riojanas estrenan un sistema de se\u00f1alizaci\u00f3n para motoristas"},"content":{"rendered":"<p style=\"text-align: justify;\">Las carreteras de La Rioja han estrenado un nuevo sistema de se\u00f1alizaci\u00f3n espec\u00edfica para motoristas, con el objetivo de contribuir a aumentar la seguridad vial y reforzar la protecci\u00f3n de este colectivo vulnerable.<\/p>\n<p style=\"text-align: justify;\">El consejero de Fomento y Pol\u00edtica Territorial del Gobierno regional,\u00a0Carlos Cuevas, ha participado en la presentaci\u00f3n de esta nueva iniciativa en el \u00e1mbito de la seguridad vial, fruto de la colaboraci\u00f3n con la Direcci\u00f3n General de Tr\u00e1fico para reducir la siniestralidad.<\/p>\n<p style=\"text-align: justify;\">Este proyecto piloto, que es pionero en el territorio nacional y consiste en la colocaci\u00f3n de\u00a0<strong>marcas viales y se\u00f1alizaci\u00f3n vertical para ayudar a efectuar la trazada m\u00e1s segura en las curvas<\/strong>.<\/p>\n<p style=\"text-align: justify;\">Estas marcas viales tienen una\u00a0<strong>apariencia similar a los galones<\/strong>\u00a0que se utilizan para indicar la distancia de seguridad o separaci\u00f3n entre dos veh\u00edculos, aunque est\u00e1n dispuestos de forma transversal, junto al eje o el borde de la carretera, seg\u00fan los casos.<\/p>\n<p style=\"text-align: justify;\">Las se\u00f1ales verticales, que incluyen en su interior un croquis informativo, informan a los usuarios de la funci\u00f3n y el objetivo de estos elementos, as\u00ed como la trazada por la que deben transitar las motocicletas dentro del carril.<\/p>\n<p style=\"text-align: justify;\">Este innovador proyecto se ha implantado por primera vez en tres tramos de la red viaria auton\u00f3mica:<strong>\u00a0LR-113 (desde el acceso al Monasterio de Valvanera a la Venta de Goyo); LR-250 junto al mirador del Ca\u00f1\u00f3n del Leza; y el presentado hoy, en la LR-341, en Medrano hacia Daroca de Rioja en la sierra de Moncalvillo<\/strong>.<\/p>\n<p style=\"text-align: justify;\">El proyecto, que ha sido financiado en su totalidad por la Consejer\u00eda de Fomento y Pol\u00edtica Territorial, ha sido ejecutado por la empresa\u00a0<span style=\"color: #0000ff;\"><em><strong>API Movilidad.<\/strong><\/em><\/span><\/p>\n<p style=\"text-align: justify;\">Esta nueva iniciativa forma parte del trabajo que est\u00e1 llevando a cabo la Consejer\u00eda de Fomento y Pol\u00edtica Territorial para poner en marcha proyectos de I+D+i en el \u00e1mbito de las carreteras con objeto de aumentar la seguridad vial y reforzar la protecci\u00f3n de colectivos vulnerables (peatones, motoristas y ciclistas).<\/p>\n<p><img loading=\"lazy\" decoding=\"async\" class=\"alignnone  wp-image-4840\" src=\"http:\/\/imesapi.es\/wp-content\/uploads\/2018\/11\/CARRETERAS-DE-RIOJA1.jpg\" alt=\"\" width=\"416\" height=\"312\" \/><\/p>\n","protected":false},"excerpt":{"rendered":"<p>Las carreteras de La Rioja han estrenado un nuevo sistema de se\u00f1alizaci\u00f3n espec\u00edfica para motoristas, con el objetivo de contribuir a aumentar la seguridad vial y reforzar la protecci\u00f3n de este colectivo vulnerable. El consejero de Fomento y Pol\u00edtica Territorial del Gobierno regional,\u00a0Carlos Cuevas, ha participado en la presentaci\u00f3n de esta nueva iniciativa en el&hellip;<\/p>\n","protected":false},"author":1,"featured_media":8102,"comment_status":"closed","ping_status":"closed","sticky":false,"template":"","format":"standard","meta":{"_acf_changed":false},"categories":[34],"tags":[],"class_list":["post-8100","post","type-post","status-publish","format-standard","has-post-thumbnail","hentry","category-noticias","description-off"],"acf":[],"_links":{"self":[{"href":"https:\/\/www.imesapi.es\/en\/wp-json\/wp\/v2\/posts\/8100","targetHints":{"allow":["GET"]}}],"collection":[{"href":"https:\/\/www.imesapi.es\/en\/wp-json\/wp\/v2\/posts"}],"about":[{"href":"https:\/\/www.imesapi.es\/en\/wp-json\/wp\/v2\/types\/post"}],"author":[{"embeddable":true,"href":"https:\/\/www.imesapi.es\/en\/wp-json\/wp\/v2\/users\/1"}],"replies":[{"embeddable":true,"href":"https:\/\/www.imesapi.es\/en\/wp-json\/wp\/v2\/comments?post=8100"}],"version-history":[{"count":0,"href":"https:\/\/www.imesapi.es\/en\/wp-json\/wp\/v2\/posts\/8100\/revisions"}],"wp:featuredmedia":[{"embeddable":true,"href":"https:\/\/www.imesapi.es\/en\/wp-json\/wp\/v2\/media\/8102"}],"wp:attachment":[{"href":"https:\/\/www.imesapi.es\/en\/wp-json\/wp\/v2\/media?parent=8100"}],"wp:term":[{"taxonomy":"category","embeddable":true,"href":"https:\/\/www.imesapi.es\/en\/wp-json\/wp\/v2\/categories?post=8100"},{"taxonomy":"post_tag","embeddable":true,"href":"https:\/\/www.imesapi.es\/en\/wp-json\/wp\/v2\/tags?post=8100"}],"curies":[{"name":"wp","href":"https:\/\/api.w.org\/{rel}","templated":true}]}}