{"id":8270,"date":"2018-11-23T10:17:41","date_gmt":"2018-11-23T10:17:41","guid":{"rendered":"http:\/\/imesapi.es\/?p=8270"},"modified":"2018-11-23T10:25:33","modified_gmt":"2018-11-23T10:25:33","slug":"english-una-senal-inteligente-protege-a-ciclistas-y-peatones","status":"publish","type":"post","link":"https:\/\/www.imesapi.es\/en\/english-una-senal-inteligente-protege-a-ciclistas-y-peatones\/","title":{"rendered":"Una se\u00f1al inteligente protege a ciclistas y peatones"},"content":{"rendered":"<p> <\/p>\n<p style=\"text-align: justify\">La tecnolog\u00eda se al\u00eda con la seguridad vial, y el Concello de Vigo empez\u00f3 esta semana a probar las nuevas se\u00f1ales luminosas inteligentes con las que pretende reducir el n\u00famero de atropellos.<\/p>\n<p style=\"text-align: justify\">El primer destino de estos paneles, que han sido desarrollados por\u00a0<span style=\"color: #0000ff\"><em><strong>API Movilidad,<\/strong><\/em><\/span>\u00a0es la concurrida Senda da Auga (Pontevedra), que discurre desde la calle Cantabria hasta el l\u00edmite con Redondela, y que usan a diario cientos de ciclistas y peatones.<\/p>\n<p style=\"text-align: justify\">El alcalde, Abel Caballero, y el edil de Seguridad, Carlos L\u00f3pez Font, han visitado la zona de instalaci\u00f3n de la primera advertencia electr\u00f3nica, en una zona de muchas curvas y escasa visibilidad. Se colocar\u00e1 una segunda en otro punto sensible del recorrido. El sistema es capaz de discriminar espec\u00edficamente a ciclistas y peatones y se activa a su paso, alertando a los veh\u00edculos de su presencia y del l\u00edmite de 30 km\/hora. Se desactiva cuando abandonan el tramo m\u00e1s sinuoso.<\/p>\n<h2 style=\"text-align: justify\"><strong>El dispositivo luminoso de API Movilidad, alerta a los coches del l\u00edmite de 30 km\/h cuando detecta a usuarios.<\/strong><\/h2>\n<p><img loading=\"lazy\" decoding=\"async\" class=\"wp-image-8272 alignleft\" src=\"http:\/\/imesapi.es\/wp-content\/uploads\/2018\/11\/SE\u00d1AL-INTELIGENTE2-.jpg\" alt=\"\" width=\"318\" height=\"424\" \/><img loading=\"lazy\" decoding=\"async\" class=\"wp-image-8271 alignleft\" src=\"http:\/\/imesapi.es\/wp-content\/uploads\/2018\/11\/SE\u00d1AL-INTELIGENTE1.jpg\" alt=\"\" width=\"318\" height=\"424\" \/><\/p>","protected":false},"excerpt":{"rendered":"<p>La tecnolog\u00eda se al\u00eda con la seguridad vial, y el Concello de Vigo empez\u00f3 esta semana a probar las nuevas se\u00f1ales luminosas inteligentes con las que pretende reducir el n\u00famero de atropellos. El primer destino de estos paneles, que han sido desarrollados por\u00a0API Movilidad,\u00a0es la concurrida Senda da Auga (Pontevedra), que discurre desde la calle&hellip;<\/p>\n","protected":false},"author":3,"featured_media":8273,"comment_status":"closed","ping_status":"closed","sticky":false,"template":"","format":"standard","meta":{"_acf_changed":false},"categories":[34],"tags":[],"class_list":["post-8270","post","type-post","status-publish","format-standard","has-post-thumbnail","hentry","category-noticias","description-off"],"acf":[],"_links":{"self":[{"href":"https:\/\/www.imesapi.es\/en\/wp-json\/wp\/v2\/posts\/8270","targetHints":{"allow":["GET"]}}],"collection":[{"href":"https:\/\/www.imesapi.es\/en\/wp-json\/wp\/v2\/posts"}],"about":[{"href":"https:\/\/www.imesapi.es\/en\/wp-json\/wp\/v2\/types\/post"}],"author":[{"embeddable":true,"href":"https:\/\/www.imesapi.es\/en\/wp-json\/wp\/v2\/users\/3"}],"replies":[{"embeddable":true,"href":"https:\/\/www.imesapi.es\/en\/wp-json\/wp\/v2\/comments?post=8270"}],"version-history":[{"count":0,"href":"https:\/\/www.imesapi.es\/en\/wp-json\/wp\/v2\/posts\/8270\/revisions"}],"wp:featuredmedia":[{"embeddable":true,"href":"https:\/\/www.imesapi.es\/en\/wp-json\/wp\/v2\/media\/8273"}],"wp:attachment":[{"href":"https:\/\/www.imesapi.es\/en\/wp-json\/wp\/v2\/media?parent=8270"}],"wp:term":[{"taxonomy":"category","embeddable":true,"href":"https:\/\/www.imesapi.es\/en\/wp-json\/wp\/v2\/categories?post=8270"},{"taxonomy":"post_tag","embeddable":true,"href":"https:\/\/www.imesapi.es\/en\/wp-json\/wp\/v2\/tags?post=8270"}],"curies":[{"name":"wp","href":"https:\/\/api.w.org\/{rel}","templated":true}]}}