{"id":8632,"date":"2019-03-26T07:49:41","date_gmt":"2019-03-26T07:49:41","guid":{"rendered":"http:\/\/imesapi.es\/?p=8632"},"modified":"2019-03-26T07:50:08","modified_gmt":"2019-03-26T07:50:08","slug":"reparacion-de-fechadas-para-el-ministerio-de-defensa","status":"publish","type":"post","link":"https:\/\/www.imesapi.es\/en\/reparacion-de-fechadas-para-el-ministerio-de-defensa\/","title":{"rendered":"Reparaci\u00f3n de fechadas para el Ministerio de Defensa"},"content":{"rendered":"<p><\/p>\n<p style=\"text-align: justify\"><strong>CLIENTE: MINISTERIO DE DEFENSA<\/strong><\/p>\n<p style=\"text-align: justify\"><strong>PA\u00cdS: ESPA\u00d1A, Tarragona<\/strong><\/p>\n<p style=\"text-align: justify\"><span style=\"color: #0000ff\"><em><strong>imesAPI<\/strong><\/em><\/span>\u00a0a trav\u00e9s de su\u00a0<u>Delegaci\u00f3n de Industrial Catalu\u00f1a<\/u>, perteneciente a la\u00a0<span style=\"color: #0000ff\"><em><strong>Divisi\u00f3n de Movilidad e Industrial<\/strong>,<\/em><\/span>\u00a0ha sido adjudicataria de las Obras de Reparaci\u00f3n de las Fachadas del Edificio de la Subdelegaci\u00f3n de Defensa en la Ciudad de Tarragona.<\/p>\n<p style=\"text-align: justify\">Se trata de un edificio del a\u00f1o 1895 con Protecci\u00f3n Gen\u00e9rica. Construida en tres alturas, la baja dedicada a los accesos y a diferentes estancias de atenci\u00f3n al p\u00fablico; en la primera planta hay despachos administrativos, y en la segunda cinco viviendas; corona el edificio una terraza plana visitable.<\/p>\n<p style=\"text-align: justify\">Los trabajos consistir\u00e1n en:<\/p>\n<ul>\n<li style=\"text-align: justify\">Limpieza de elementos ornamentales mediante chorro de silicato de aluminio a baja presi\u00f3n.<\/li>\n<li style=\"text-align: justify\">Retacado de ladrillos en mal estado.<\/li>\n<li style=\"text-align: justify\">Sellado de las juntas abiertas, fisuras y grietas.<\/li>\n<li style=\"text-align: justify\">Revestimiento de paramentos verticales con mortero de cal hidr\u00e1ulica.<\/li>\n<li style=\"text-align: justify\">Restauraci\u00f3n de pin\u00e1culos, cornisas y albardillas de piedra natural.<\/li>\n<li style=\"text-align: justify\">Aplicaci\u00f3n de pintura al silicato de alta permeabilidad al vapor de agua.<\/li>\n<\/ul>\n<p><\/p>","protected":false},"excerpt":{"rendered":"<p>CLIENTE: MINISTERIO DE DEFENSA PA\u00cdS: ESPA\u00d1A, Tarragona imesAPI\u00a0a trav\u00e9s de su\u00a0Delegaci\u00f3n de Industrial Catalu\u00f1a, perteneciente a la\u00a0Divisi\u00f3n de Movilidad e Industrial,\u00a0ha sido adjudicataria de las Obras de Reparaci\u00f3n de las Fachadas del Edificio de la Subdelegaci\u00f3n de Defensa en la Ciudad de Tarragona. Se trata de un edificio del a\u00f1o 1895 con Protecci\u00f3n Gen\u00e9rica. Construida&hellip;<\/p>\n","protected":false},"author":3,"featured_media":8633,"comment_status":"closed","ping_status":"closed","sticky":false,"template":"","format":"standard","meta":{"_acf_changed":false},"categories":[34],"tags":[],"class_list":["post-8632","post","type-post","status-publish","format-standard","has-post-thumbnail","hentry","category-noticias","description-off"],"acf":[],"_links":{"self":[{"href":"https:\/\/www.imesapi.es\/en\/wp-json\/wp\/v2\/posts\/8632","targetHints":{"allow":["GET"]}}],"collection":[{"href":"https:\/\/www.imesapi.es\/en\/wp-json\/wp\/v2\/posts"}],"about":[{"href":"https:\/\/www.imesapi.es\/en\/wp-json\/wp\/v2\/types\/post"}],"author":[{"embeddable":true,"href":"https:\/\/www.imesapi.es\/en\/wp-json\/wp\/v2\/users\/3"}],"replies":[{"embeddable":true,"href":"https:\/\/www.imesapi.es\/en\/wp-json\/wp\/v2\/comments?post=8632"}],"version-history":[{"count":0,"href":"https:\/\/www.imesapi.es\/en\/wp-json\/wp\/v2\/posts\/8632\/revisions"}],"wp:featuredmedia":[{"embeddable":true,"href":"https:\/\/www.imesapi.es\/en\/wp-json\/wp\/v2\/media\/8633"}],"wp:attachment":[{"href":"https:\/\/www.imesapi.es\/en\/wp-json\/wp\/v2\/media?parent=8632"}],"wp:term":[{"taxonomy":"category","embeddable":true,"href":"https:\/\/www.imesapi.es\/en\/wp-json\/wp\/v2\/categories?post=8632"},{"taxonomy":"post_tag","embeddable":true,"href":"https:\/\/www.imesapi.es\/en\/wp-json\/wp\/v2\/tags?post=8632"}],"curies":[{"name":"wp","href":"https:\/\/api.w.org\/{rel}","templated":true}]}}