{"id":8787,"date":"2019-06-24T14:32:09","date_gmt":"2019-06-24T14:32:09","guid":{"rendered":"http:\/\/imesapi.es\/?p=8787"},"modified":"2019-06-24T14:32:09","modified_gmt":"2019-06-24T14:32:09","slug":"evento-patrocinado-por-el-grupo-sermicro-promocion-solucion-jobtracker","status":"publish","type":"post","link":"https:\/\/www.imesapi.es\/en\/evento-patrocinado-por-el-grupo-sermicro-promocion-solucion-jobtracker\/","title":{"rendered":"Evento patrocinado por el Grupo SERMICRO \u2013 Promoci\u00f3n \u201cSOLUCI\u00d3N JOBTRACKER\u201d"},"content":{"rendered":"<p>&nbsp;<\/p>\n<p style=\"text-align: justify\">El pasado 4 de junio se ha celebrado en la Bolsa de Bilbao, organizado por la Asociaci\u00f3n para el Progreso de la Direcci\u00f3n (APD) y patrocinado por el\u00a0<span style=\"color: #0000ff\"><em><strong>Grupo Sermicro<\/strong><\/em><\/span>, un evento sobre \u201c<em>Las modificaciones legales en el registro de la jornada laboral<\/em>\u201d y donde se promocion\u00f3 la soluci\u00f3n para registro de jornada y control de accesos\u00a0<strong>\u201cJobtracker\u201d<\/strong>, comercializada por\u00a0<em><span style=\"color: #0000ff\"><strong>Dinsa (empresa del Grupo Sermicro).<\/strong><\/span><\/em><\/p>\n<p style=\"text-align: justify\">En el evento participaron, entre otros, ponentes del Consejo Espa\u00f1ol de Registro de Jornada y de la Inspecci\u00f3n de trabajo de Guip\u00fazcoa. I\u00f1igo Garc\u00eda, Director de la Zona Norte del Grupo\u00a0<span style=\"color: #0000ff\"><em><strong>Sermicro<\/strong><\/em><\/span>, actu\u00f3 como moderador del mismo.<\/p>\n<p style=\"text-align: justify\">Se cont\u00f3 con la asistencia de m\u00e1s de 100 personas (70 empresas) de sectores tan diversos como la Consultor\u00eda, Industria, Energ\u00eda, Banca, Transporte, etc. El objetivo fue aclarar las m\u00faltiples dudas que existen sobre las obligaciones del registro de jornada y en qu\u00e9 punto del cumplimiento de las mismas nos encontramos.<\/p>\n<p style=\"text-align: justify\">Entre los aspectos tratados se hizo hincapi\u00e9 en la necesidad de contar con un sistema digital que contemple la casu\u00edstica espec\u00edfica de cada empresa, que est\u00e9 accesible desde cualquier dispositivo y que sea asequible tanto para grandes empresas como para aut\u00f3nomos o micro pymes. Todos estos requisitos se cumplen con la soluci\u00f3n Jobtracker que all\u00ed fue presentada, lo que supuso una ocasi\u00f3n importante para promocionar este sistema ante la gran variedad de empresas asistentes.<\/p>\n<p><img loading=\"lazy\" decoding=\"async\" class=\"wp-image-8789 alignleft\" src=\"http:\/\/imesapi.es\/wp-content\/uploads\/2019\/06\/JORNADA-FICHAJES2.jpg\" alt=\"\" width=\"499\" height=\"243\" \/><img loading=\"lazy\" decoding=\"async\" class=\"wp-image-8788 alignleft\" src=\"http:\/\/imesapi.es\/wp-content\/uploads\/2019\/06\/JORNADA-FICHAJES1.jpg\" alt=\"\" width=\"488\" height=\"237\" \/><\/p>","protected":false},"excerpt":{"rendered":"<p>&nbsp; El pasado 4 de junio se ha celebrado en la Bolsa de Bilbao, organizado por la Asociaci\u00f3n para el Progreso de la Direcci\u00f3n (APD) y patrocinado por el\u00a0Grupo Sermicro, un evento sobre \u201cLas modificaciones legales en el registro de la jornada laboral\u201d y donde se promocion\u00f3 la soluci\u00f3n para registro de jornada y control&hellip;<\/p>\n","protected":false},"author":3,"featured_media":8790,"comment_status":"closed","ping_status":"closed","sticky":false,"template":"","format":"standard","meta":{"_acf_changed":false},"categories":[34],"tags":[],"class_list":["post-8787","post","type-post","status-publish","format-standard","has-post-thumbnail","hentry","category-noticias","description-off"],"acf":[],"_links":{"self":[{"href":"https:\/\/www.imesapi.es\/en\/wp-json\/wp\/v2\/posts\/8787","targetHints":{"allow":["GET"]}}],"collection":[{"href":"https:\/\/www.imesapi.es\/en\/wp-json\/wp\/v2\/posts"}],"about":[{"href":"https:\/\/www.imesapi.es\/en\/wp-json\/wp\/v2\/types\/post"}],"author":[{"embeddable":true,"href":"https:\/\/www.imesapi.es\/en\/wp-json\/wp\/v2\/users\/3"}],"replies":[{"embeddable":true,"href":"https:\/\/www.imesapi.es\/en\/wp-json\/wp\/v2\/comments?post=8787"}],"version-history":[{"count":0,"href":"https:\/\/www.imesapi.es\/en\/wp-json\/wp\/v2\/posts\/8787\/revisions"}],"wp:featuredmedia":[{"embeddable":true,"href":"https:\/\/www.imesapi.es\/en\/wp-json\/wp\/v2\/media\/8790"}],"wp:attachment":[{"href":"https:\/\/www.imesapi.es\/en\/wp-json\/wp\/v2\/media?parent=8787"}],"wp:term":[{"taxonomy":"category","embeddable":true,"href":"https:\/\/www.imesapi.es\/en\/wp-json\/wp\/v2\/categories?post=8787"},{"taxonomy":"post_tag","embeddable":true,"href":"https:\/\/www.imesapi.es\/en\/wp-json\/wp\/v2\/tags?post=8787"}],"curies":[{"name":"wp","href":"https:\/\/api.w.org\/{rel}","templated":true}]}}