{"id":9017,"date":"2019-10-09T13:30:27","date_gmt":"2019-10-09T13:30:27","guid":{"rendered":"https:\/\/imesapi.es\/?p=9017"},"modified":"2019-10-09T13:30:27","modified_gmt":"2019-10-09T13:30:27","slug":"mejora-de-la-seguridad-vial-para-la-diputacion-foral-de-alava","status":"publish","type":"post","link":"https:\/\/www.imesapi.es\/en\/mejora-de-la-seguridad-vial-para-la-diputacion-foral-de-alava\/","title":{"rendered":"Mejora de la seguridad vial para la Diputaci\u00f3n Foral de \u00c1lava"},"content":{"rendered":"<p style=\"text-align: justify\"><strong>CLIENTE: DIPUTACI\u00d3N FORAL DE \u00c1LAVA<\/strong><\/p>\n<p style=\"text-align: justify\"><strong>PA\u00cdS: ESPA\u00d1A, \u00c1lava<\/strong><\/p>\n<p style=\"text-align: justify\">La Diputaci\u00f3n Foral de \u00c1lava, ha adjudicado a\u00a0<span style=\"color: #0000ff\"><em><strong>API Movilidad (Divisi\u00f3n de Movilidad e Industrial),<\/strong><\/em><\/span>\u00a0el contrato de la MEJORA DE LA SEGURIDAD VIAL EN LA RED FORAL DE CARRETERAS. ACTUACIONES PREVENTIVAS Y PALIATIVAS 2019-2020.<\/p>\n<p style=\"text-align: justify\">La Secci\u00f3n de Explotaci\u00f3n y Seguridad Vial perteneciente al Servicio de Carreteras, dentro de las funciones atribuidas, tiene la de proponer y desarrollar actuaciones preventivas dirigidas a reducir la siniestralidad en las carreteras de la Red Foral y la de gestionar, as\u00ed como la de coordinar y explotar, el Centro de Control de Carreteras.<\/p>\n<p style=\"text-align: justify\">En los \u00faltimos a\u00f1os se vienen registrando tanto en el Centro de Control de Carreteras como en el Registro General de la Diputaci\u00f3n Foral diversas quejas y\/o sugerencias de un n\u00famero importante de particulares, Ayuntamientos y Juntas Administrativas, donde se reclaman medidas destinadas a la mejora de la Seguridad Vial en diferentes tramos de las carreteras de la Red Foral, mediante\u00a0 el refuerzo de la se\u00f1alizaci\u00f3n vertical\/horizontal de acuerdo con las caracter\u00edsticas de las v\u00edas y de los veh\u00edculos, refuerzo del balizamiento, o tratamientos espec\u00edficos para reducir la velocidad en traves\u00edas\/tramos urbanos.<\/p>\n<p style=\"text-align: justify\">Adem\u00e1s, en algunos casos es necesario realizar actuaciones preventivas de bajo coste que contribuyan a mejorar la situaci\u00f3n de determinados tramos peligrosos de la Red detectados a partir de los estudios de accidentalidad anuales que se realizan desde esta Secci\u00f3n, en tanto en cuanto se acometen las actuaciones de mejora previstas en el Plan Integral de Carreteras y actuaciones paliativas en determinados tramos de concentraci\u00f3n de accidentes.<\/p>\n<p style=\"text-align: justify\">Por lo tanto, con el objetivo de ir acometiendo de forma paulatina la mejora puntual de todos estos tramos potencialmente peligrosos en la Red Foral de Carreteras de \u00c1lava, y mientras se realizan las actuaciones generalizadas de mejora de la red de carreteras previstas en el Plan Integral de Carreteras de \u00c1lava, se considera necesario acometer ciertas actuaciones preventivas y paliativas en diferentes puntos de la Provincia consistentes, principalmente, en el refuerzo y la adecuaci\u00f3n de la se\u00f1alizaci\u00f3n actualmente instalada, en la mejora del balizamiento y defensas, en la colocaci\u00f3n, en su caso, de barreras de protecci\u00f3n de motoristas, en medidas de moderaci\u00f3n de velocidad en las traves\u00edas y tramos urbanos de diversas poblaciones, y en actuaciones paliativas en determinados tramos de concentraci\u00f3n de accidentes y en aquellos puntos de la red donde se registre alg\u00fan accidente mortal y se determine realizar alguna mejora en las inmediaciones del mismo.<\/p>\n<p><img loading=\"lazy\" decoding=\"async\" class=\"wp-image-9018 alignleft\" src=\"https:\/\/imesapi.es\/wp-content\/uploads\/2019\/10\/240.jpg\" alt=\"\" width=\"255\" height=\"310\" \/><img loading=\"lazy\" decoding=\"async\" class=\"size-medium wp-image-9020 alignleft\" src=\"https:\/\/imesapi.es\/wp-content\/uploads\/2019\/10\/242.png\" alt=\"\" width=\"219\" height=\"300\" \/><img loading=\"lazy\" decoding=\"async\" class=\"size-medium wp-image-9021 alignleft\" src=\"https:\/\/imesapi.es\/wp-content\/uploads\/2019\/10\/243.jpg\" alt=\"\" width=\"267\" height=\"300\" \/><\/p>\n","protected":false},"excerpt":{"rendered":"<p>CLIENTE: DIPUTACI\u00d3N FORAL DE \u00c1LAVA PA\u00cdS: ESPA\u00d1A, \u00c1lava La Diputaci\u00f3n Foral de \u00c1lava, ha adjudicado a\u00a0API Movilidad (Divisi\u00f3n de Movilidad e Industrial),\u00a0el contrato de la MEJORA DE LA SEGURIDAD VIAL EN LA RED FORAL DE CARRETERAS. ACTUACIONES PREVENTIVAS Y PALIATIVAS 2019-2020. La Secci\u00f3n de Explotaci\u00f3n y Seguridad Vial perteneciente al Servicio de Carreteras, dentro de&hellip;<\/p>\n","protected":false},"author":3,"featured_media":9019,"comment_status":"closed","ping_status":"closed","sticky":false,"template":"","format":"standard","meta":{"_acf_changed":false},"categories":[34],"tags":[],"class_list":["post-9017","post","type-post","status-publish","format-standard","has-post-thumbnail","hentry","category-noticias","description-off"],"acf":[],"_links":{"self":[{"href":"https:\/\/www.imesapi.es\/en\/wp-json\/wp\/v2\/posts\/9017","targetHints":{"allow":["GET"]}}],"collection":[{"href":"https:\/\/www.imesapi.es\/en\/wp-json\/wp\/v2\/posts"}],"about":[{"href":"https:\/\/www.imesapi.es\/en\/wp-json\/wp\/v2\/types\/post"}],"author":[{"embeddable":true,"href":"https:\/\/www.imesapi.es\/en\/wp-json\/wp\/v2\/users\/3"}],"replies":[{"embeddable":true,"href":"https:\/\/www.imesapi.es\/en\/wp-json\/wp\/v2\/comments?post=9017"}],"version-history":[{"count":0,"href":"https:\/\/www.imesapi.es\/en\/wp-json\/wp\/v2\/posts\/9017\/revisions"}],"wp:featuredmedia":[{"embeddable":true,"href":"https:\/\/www.imesapi.es\/en\/wp-json\/wp\/v2\/media\/9019"}],"wp:attachment":[{"href":"https:\/\/www.imesapi.es\/en\/wp-json\/wp\/v2\/media?parent=9017"}],"wp:term":[{"taxonomy":"category","embeddable":true,"href":"https:\/\/www.imesapi.es\/en\/wp-json\/wp\/v2\/categories?post=9017"},{"taxonomy":"post_tag","embeddable":true,"href":"https:\/\/www.imesapi.es\/en\/wp-json\/wp\/v2\/tags?post=9017"}],"curies":[{"name":"wp","href":"https:\/\/api.w.org\/{rel}","templated":true}]}}