{"id":9476,"date":"2020-10-02T10:03:07","date_gmt":"2020-10-02T10:03:07","guid":{"rendered":"https:\/\/imesapi.es\/?p=9476"},"modified":"2020-10-02T10:03:07","modified_gmt":"2020-10-02T10:03:07","slug":"subsanacion-deficiencias-en-la-instalacion-electrica-de-edificio-psa-en-arrecife-lanzarote","status":"publish","type":"post","link":"https:\/\/www.imesapi.es\/en\/subsanacion-deficiencias-en-la-instalacion-electrica-de-edificio-psa-en-arrecife-lanzarote\/","title":{"rendered":"Subsanaci\u00f3n deficiencias en la instalaci\u00f3n el\u00e9ctrica de edificio PSA en Arrecife (Lanzarote)"},"content":{"rendered":"<p style=\"text-align: justify\"><strong>CLIENTE: SUBDIRECCI\u00d3N GENERAL DE OFICIAL\u00cdA MAYOR. MINISTERIO DE TRABAJO Y ECONOM\u00cdA SOCIAL<\/strong><\/p>\n<p style=\"text-align: justify\"><strong>PA\u00cdS: ESPA\u00d1A. Las Palmas de Gran Canaria<\/strong><\/p>\n<p style=\"text-align: justify\"><span style=\"color: #0000ff\"><em><strong>imesAPI, Divisi\u00f3n de Instalaciones y Servicios<\/strong><\/em><\/span>, ha sido el adjudicatario del contrato\u00a0 &#8220;<strong>SUBSANACI\u00d3N DE DEFICIENCIAS EN LA INSTALACI\u00d3N EL\u00c9CTRICA DEL EDIFICIO PSA EN ARRECIFE, LANZAROTE&#8221;.<\/strong><\/p>\n<p style=\"text-align: justify\">El edificio objeto del proyecto est\u00e1 formado por una edificaci\u00f3n de 3 plantas y cubierta que comparte medianera con otros edificios a un lateral y con espacio libre en el resto de fachadas.<\/p>\n<p style=\"text-align: justify\"><u>Entre los trabajos a realizar cabe destacar los siguientes:<\/u><\/p>\n<p style=\"text-align: justify\"><strong>Instalaci\u00f3n de Baja Tensi\u00f3n.<\/strong><\/p>\n<p style=\"text-align: justify\"><strong>Instalaci\u00f3n de protecci\u00f3n contraincendios.<\/strong><\/p>\n<p style=\"text-align: justify\"><strong>Fontaner\u00eda, saneamiento y pluviales.<\/strong><\/p>\n<p style=\"text-align: justify\"><strong>Instalaciones t\u00e9rmicas y de ventilaci\u00f3n.<\/strong><\/p>\n<p style=\"text-align: justify\"><strong>Otras instalaciones.<\/strong><\/p>\n<p><img loading=\"lazy\" decoding=\"async\" class=\"alignnone wp-image-9478\" src=\"https:\/\/imesapi.es\/wp-content\/uploads\/2020\/10\/534.png\" alt=\"\" width=\"709\" height=\"481\" \/><\/p>\n","protected":false},"excerpt":{"rendered":"<p>CLIENTE: SUBDIRECCI\u00d3N GENERAL DE OFICIAL\u00cdA MAYOR. MINISTERIO DE TRABAJO Y ECONOM\u00cdA SOCIAL PA\u00cdS: ESPA\u00d1A. Las Palmas de Gran Canaria imesAPI, Divisi\u00f3n de Instalaciones y Servicios, ha sido el adjudicatario del contrato\u00a0 &#8220;SUBSANACI\u00d3N DE DEFICIENCIAS EN LA INSTALACI\u00d3N EL\u00c9CTRICA DEL EDIFICIO PSA EN ARRECIFE, LANZAROTE&#8221;. El edificio objeto del proyecto est\u00e1 formado por una edificaci\u00f3n de&hellip;<\/p>\n","protected":false},"author":3,"featured_media":9477,"comment_status":"closed","ping_status":"closed","sticky":false,"template":"","format":"standard","meta":{"_acf_changed":false},"categories":[34],"tags":[],"class_list":["post-9476","post","type-post","status-publish","format-standard","has-post-thumbnail","hentry","category-noticias","description-off"],"acf":[],"_links":{"self":[{"href":"https:\/\/www.imesapi.es\/en\/wp-json\/wp\/v2\/posts\/9476","targetHints":{"allow":["GET"]}}],"collection":[{"href":"https:\/\/www.imesapi.es\/en\/wp-json\/wp\/v2\/posts"}],"about":[{"href":"https:\/\/www.imesapi.es\/en\/wp-json\/wp\/v2\/types\/post"}],"author":[{"embeddable":true,"href":"https:\/\/www.imesapi.es\/en\/wp-json\/wp\/v2\/users\/3"}],"replies":[{"embeddable":true,"href":"https:\/\/www.imesapi.es\/en\/wp-json\/wp\/v2\/comments?post=9476"}],"version-history":[{"count":1,"href":"https:\/\/www.imesapi.es\/en\/wp-json\/wp\/v2\/posts\/9476\/revisions"}],"predecessor-version":[{"id":9479,"href":"https:\/\/www.imesapi.es\/en\/wp-json\/wp\/v2\/posts\/9476\/revisions\/9479"}],"wp:featuredmedia":[{"embeddable":true,"href":"https:\/\/www.imesapi.es\/en\/wp-json\/wp\/v2\/media\/9477"}],"wp:attachment":[{"href":"https:\/\/www.imesapi.es\/en\/wp-json\/wp\/v2\/media?parent=9476"}],"wp:term":[{"taxonomy":"category","embeddable":true,"href":"https:\/\/www.imesapi.es\/en\/wp-json\/wp\/v2\/categories?post=9476"},{"taxonomy":"post_tag","embeddable":true,"href":"https:\/\/www.imesapi.es\/en\/wp-json\/wp\/v2\/tags?post=9476"}],"curies":[{"name":"wp","href":"https:\/\/api.w.org\/{rel}","templated":true}]}}